{"id":1526,"date":"2018-08-31T07:41:37","date_gmt":"2018-08-31T07:41:37","guid":{"rendered":"https:\/\/www.itemadrid.net\/?p=1526"},"modified":"2018-08-31T07:41:37","modified_gmt":"2018-08-31T07:41:37","slug":"vuelta-al-trabajo-hazla-mas-llevadera","status":"publish","type":"post","link":"https:\/\/itemadr1-cp186.wordpresstemporal.com\/itema-old\/vuelta-al-trabajo-hazla-mas-llevadera\/","title":{"rendered":"Vuelta al trabajo: Hazla m\u00e1s llevadera"},"content":{"rendered":"<p style=\"text-align: justify;\">La <strong>vuelta al trabajo y la rutina<\/strong> es dura pero desde<strong> <a href=\"https:\/\/itemadr1-cp186.wordpresstemporal.com\/itema-old\" target=\"_blank\">ITEMA<\/a> <\/strong>queremos ayudarte a que el <strong>proceso de adaptaci\u00f3n<\/strong> te resulte m\u00e1s llevadero. Para ello te proponemos <strong>una serie de pautas<\/strong>, algunas de las cu\u00e1les podr\u00e1s tenerlas presentes durante el resto del a\u00f1o.<\/p>\n<p>&nbsp;<\/p>\n<p><a class=\"dt-single-image\" href=\"https:\/\/itemadr1-cp186.wordpresstemporal.com\/itema-old\/wp-content\/uploads\/2018\/08\/Sobrellevar-la-vuelta-al-trabajo.jpg\" data-dt-img-description=\"\"><img loading=\"lazy\" class=\"aligncenter size-full wp-image-1528\" src=\"https:\/\/itemadr1-cp186.wordpresstemporal.com\/itema-old\/wp-content\/uploads\/2018\/08\/Sobrellevar-la-vuelta-al-trabajo.jpg\" alt=\"Sobrellevar la vuelta al trabajo\" width=\"613\" height=\"1000\" srcset=\"https:\/\/itemadr1-cp186.wordpresstemporal.com\/itema-old\/wp-content\/uploads\/2018\/08\/Sobrellevar-la-vuelta-al-trabajo.jpg 613w, https:\/\/itemadr1-cp186.wordpresstemporal.com\/itema-old\/wp-content\/uploads\/2018\/08\/Sobrellevar-la-vuelta-al-trabajo-184x300.jpg 184w\" sizes=\"(max-width: 613px) 100vw, 613px\" \/><\/a><\/p>\n","protected":false},"excerpt":{"rendered":"<p>La vuelta al trabajo y la rutina es dura pero desde ITEMA queremos ayudarte a que el proceso de adaptaci\u00f3n te resulte m\u00e1s llevadero. Para ello te proponemos una serie de pautas, algunas de las cu\u00e1les podr\u00e1s tenerlas presentes durante el resto del a\u00f1o. &nbsp;<\/p>\n","protected":false},"author":3,"featured_media":1529,"comment_status":"open","ping_status":"open","sticky":false,"template":"","format":"standard","meta":[],"categories":[13],"tags":[136,34,130,100,131,14,101,27,74,135,132,106,133,103,104,134],"yoast_head":"<!-- This site is optimized with the Yoast SEO plugin v19.11 - https:\/\/yoast.com\/wordpress\/plugins\/seo\/ -->\n<title>Vuelta al trabajo: Hazla m\u00e1s llevadera | ITEMA<\/title>\n<meta name=\"robots\" content=\"noindex, follow, max-snippet:-1, max-image-preview:large, max-video-preview:-1\" \/>\n<meta property=\"og:locale\" content=\"es_ES\" \/>\n<meta property=\"og:type\" content=\"article\" \/>\n<meta property=\"og:title\" content=\"Vuelta al trabajo: Hazla m\u00e1s llevadera | ITEMA\" \/>\n<meta property=\"og:description\" content=\"La vuelta al trabajo y la rutina es dura pero desde ITEMA queremos ayudarte a que el proceso de adaptaci\u00f3n te resulte m\u00e1s llevadero. Para ello te proponemos una serie de pautas, algunas de las cu\u00e1les podr\u00e1s tenerlas presentes durante el resto del a\u00f1o. &nbsp;\" \/>\n<meta property=\"og:url\" content=\"https:\/\/itemadr1-cp186.wordpresstemporal.com\/itema-old\/vuelta-al-trabajo-hazla-mas-llevadera\/\" \/>\n<meta property=\"og:site_name\" content=\"ITEMA\" \/>\n<meta property=\"article:published_time\" content=\"2018-08-31T07:41:37+00:00\" \/>\n<meta property=\"og:image\" content=\"https:\/\/itemadr1-cp186.wordpresstemporal.com\/itema-old\/wp-content\/uploads\/2018\/08\/oficina.jpg\" \/>\n\t<meta property=\"og:image:width\" content=\"474\" \/>\n\t<meta property=\"og:image:height\" content=\"315\" \/>\n\t<meta property=\"og:image:type\" content=\"image\/jpeg\" \/>\n<meta name=\"author\" content=\"Comunicaci\u00f3n\" \/>\n<meta name=\"twitter:card\" content=\"summary_large_image\" \/>\n<meta name=\"twitter:label1\" content=\"Escrito por\" \/>\n\t<meta name=\"twitter:data1\" content=\"Comunicaci\u00f3n\" \/>\n<script type=\"application\/ld+json\" class=\"yoast-schema-graph\">{\"@context\":\"https:\/\/schema.org\",\"@graph\":[{\"@type\":\"WebPage\",\"@id\":\"https:\/\/itemadr1-cp186.wordpresstemporal.com\/itema-old\/vuelta-al-trabajo-hazla-mas-llevadera\/\",\"url\":\"https:\/\/itemadr1-cp186.wordpresstemporal.com\/itema-old\/vuelta-al-trabajo-hazla-mas-llevadera\/\",\"name\":\"Vuelta al trabajo: Hazla m\u00e1s llevadera | ITEMA\",\"isPartOf\":{\"@id\":\"https:\/\/itemadr1-cp186.wordpresstemporal.com\/itema-old\/#website\"},\"datePublished\":\"2018-08-31T07:41:37+00:00\",\"dateModified\":\"2018-08-31T07:41:37+00:00\",\"author\":{\"@id\":\"https:\/\/itemadr1-cp186.wordpresstemporal.com\/itema-old\/#\/schema\/person\/1bdea6eacf4bdaf1159f0bff7180fe2e\"},\"breadcrumb\":{\"@id\":\"https:\/\/itemadr1-cp186.wordpresstemporal.com\/itema-old\/vuelta-al-trabajo-hazla-mas-llevadera\/#breadcrumb\"},\"inLanguage\":\"es\",\"potentialAction\":[{\"@type\":\"ReadAction\",\"target\":[\"https:\/\/itemadr1-cp186.wordpresstemporal.com\/itema-old\/vuelta-al-trabajo-hazla-mas-llevadera\/\"]}]},{\"@type\":\"BreadcrumbList\",\"@id\":\"https:\/\/itemadr1-cp186.wordpresstemporal.com\/itema-old\/vuelta-al-trabajo-hazla-mas-llevadera\/#breadcrumb\",\"itemListElement\":[{\"@type\":\"ListItem\",\"position\":1,\"name\":\"Portada\",\"item\":\"https:\/\/itemadr1-cp186.wordpresstemporal.com\/itema-old\/\"},{\"@type\":\"ListItem\",\"position\":2,\"name\":\"Vuelta al trabajo: Hazla m\u00e1s llevadera\"}]},{\"@type\":\"WebSite\",\"@id\":\"https:\/\/itemadr1-cp186.wordpresstemporal.com\/itema-old\/#website\",\"url\":\"https:\/\/itemadr1-cp186.wordpresstemporal.com\/itema-old\/\",\"name\":\"ITEMA\",\"description\":\"Los mejores Psic\u00f3logos del centro de Madrid - Barrio de Arg\u00fcelles\",\"potentialAction\":[{\"@type\":\"SearchAction\",\"target\":{\"@type\":\"EntryPoint\",\"urlTemplate\":\"https:\/\/itemadr1-cp186.wordpresstemporal.com\/itema-old\/?s={search_term_string}\"},\"query-input\":\"required name=search_term_string\"}],\"inLanguage\":\"es\"},{\"@type\":\"Person\",\"@id\":\"https:\/\/itemadr1-cp186.wordpresstemporal.com\/itema-old\/#\/schema\/person\/1bdea6eacf4bdaf1159f0bff7180fe2e\",\"name\":\"Comunicaci\u00f3n\",\"image\":{\"@type\":\"ImageObject\",\"inLanguage\":\"es\",\"@id\":\"https:\/\/itemadr1-cp186.wordpresstemporal.com\/itema-old\/#\/schema\/person\/image\/\",\"url\":\"https:\/\/secure.gravatar.com\/avatar\/0a1529f00140e65ef5e92d03f29be27f?s=96&d=mm&r=g\",\"contentUrl\":\"https:\/\/secure.gravatar.com\/avatar\/0a1529f00140e65ef5e92d03f29be27f?s=96&d=mm&r=g\",\"caption\":\"Comunicaci\u00f3n\"},\"url\":\"https:\/\/itemadr1-cp186.wordpresstemporal.com\/itema-old\/author\/itemablog\/\"}]}<\/script>\n<!-- \/ Yoast SEO plugin. -->","yoast_head_json":{"title":"Vuelta al trabajo: Hazla m\u00e1s llevadera | ITEMA","robots":{"index":"noindex","follow":"follow","max-snippet":"max-snippet:-1","max-image-preview":"max-image-preview:large","max-video-preview":"max-video-preview:-1"},"og_locale":"es_ES","og_type":"article","og_title":"Vuelta al trabajo: Hazla m\u00e1s llevadera | ITEMA","og_description":"La vuelta al trabajo y la rutina es dura pero desde ITEMA queremos ayudarte a que el proceso de adaptaci\u00f3n te resulte m\u00e1s llevadero. Para ello te proponemos una serie de pautas, algunas de las cu\u00e1les podr\u00e1s tenerlas presentes durante el resto del a\u00f1o. &nbsp;","og_url":"https:\/\/itemadr1-cp186.wordpresstemporal.com\/itema-old\/vuelta-al-trabajo-hazla-mas-llevadera\/","og_site_name":"ITEMA","article_published_time":"2018-08-31T07:41:37+00:00","og_image":[{"width":474,"height":315,"url":"https:\/\/itemadr1-cp186.wordpresstemporal.com\/itema-old\/wp-content\/uploads\/2018\/08\/oficina.jpg","type":"image\/jpeg"}],"author":"Comunicaci\u00f3n","twitter_card":"summary_large_image","twitter_misc":{"Escrito por":"Comunicaci\u00f3n"},"schema":{"@context":"https:\/\/schema.org","@graph":[{"@type":"WebPage","@id":"https:\/\/itemadr1-cp186.wordpresstemporal.com\/itema-old\/vuelta-al-trabajo-hazla-mas-llevadera\/","url":"https:\/\/itemadr1-cp186.wordpresstemporal.com\/itema-old\/vuelta-al-trabajo-hazla-mas-llevadera\/","name":"Vuelta al trabajo: Hazla m\u00e1s llevadera | ITEMA","isPartOf":{"@id":"https:\/\/itemadr1-cp186.wordpresstemporal.com\/itema-old\/#website"},"datePublished":"2018-08-31T07:41:37+00:00","dateModified":"2018-08-31T07:41:37+00:00","author":{"@id":"https:\/\/itemadr1-cp186.wordpresstemporal.com\/itema-old\/#\/schema\/person\/1bdea6eacf4bdaf1159f0bff7180fe2e"},"breadcrumb":{"@id":"https:\/\/itemadr1-cp186.wordpresstemporal.com\/itema-old\/vuelta-al-trabajo-hazla-mas-llevadera\/#breadcrumb"},"inLanguage":"es","potentialAction":[{"@type":"ReadAction","target":["https:\/\/itemadr1-cp186.wordpresstemporal.com\/itema-old\/vuelta-al-trabajo-hazla-mas-llevadera\/"]}]},{"@type":"BreadcrumbList","@id":"https:\/\/itemadr1-cp186.wordpresstemporal.com\/itema-old\/vuelta-al-trabajo-hazla-mas-llevadera\/#breadcrumb","itemListElement":[{"@type":"ListItem","position":1,"name":"Portada","item":"https:\/\/itemadr1-cp186.wordpresstemporal.com\/itema-old\/"},{"@type":"ListItem","position":2,"name":"Vuelta al trabajo: Hazla m\u00e1s llevadera"}]},{"@type":"WebSite","@id":"https:\/\/itemadr1-cp186.wordpresstemporal.com\/itema-old\/#website","url":"https:\/\/itemadr1-cp186.wordpresstemporal.com\/itema-old\/","name":"ITEMA","description":"Los mejores Psic\u00f3logos del centro de Madrid - Barrio de Arg\u00fcelles","potentialAction":[{"@type":"SearchAction","target":{"@type":"EntryPoint","urlTemplate":"https:\/\/itemadr1-cp186.wordpresstemporal.com\/itema-old\/?s={search_term_string}"},"query-input":"required name=search_term_string"}],"inLanguage":"es"},{"@type":"Person","@id":"https:\/\/itemadr1-cp186.wordpresstemporal.com\/itema-old\/#\/schema\/person\/1bdea6eacf4bdaf1159f0bff7180fe2e","name":"Comunicaci\u00f3n","image":{"@type":"ImageObject","inLanguage":"es","@id":"https:\/\/itemadr1-cp186.wordpresstemporal.com\/itema-old\/#\/schema\/person\/image\/","url":"https:\/\/secure.gravatar.com\/avatar\/0a1529f00140e65ef5e92d03f29be27f?s=96&d=mm&r=g","contentUrl":"https:\/\/secure.gravatar.com\/avatar\/0a1529f00140e65ef5e92d03f29be27f?s=96&d=mm&r=g","caption":"Comunicaci\u00f3n"},"url":"https:\/\/itemadr1-cp186.wordpresstemporal.com\/itema-old\/author\/itemablog\/"}]}},"_links":{"self":[{"href":"https:\/\/itemadr1-cp186.wordpresstemporal.com\/itema-old\/wp-json\/wp\/v2\/posts\/1526"}],"collection":[{"href":"https:\/\/itemadr1-cp186.wordpresstemporal.com\/itema-old\/wp-json\/wp\/v2\/posts"}],"about":[{"href":"https:\/\/itemadr1-cp186.wordpresstemporal.com\/itema-old\/wp-json\/wp\/v2\/types\/post"}],"author":[{"embeddable":true,"href":"https:\/\/itemadr1-cp186.wordpresstemporal.com\/itema-old\/wp-json\/wp\/v2\/users\/3"}],"replies":[{"embeddable":true,"href":"https:\/\/itemadr1-cp186.wordpresstemporal.com\/itema-old\/wp-json\/wp\/v2\/comments?post=1526"}],"version-history":[{"count":0,"href":"https:\/\/itemadr1-cp186.wordpresstemporal.com\/itema-old\/wp-json\/wp\/v2\/posts\/1526\/revisions"}],"wp:featuredmedia":[{"embeddable":true,"href":"https:\/\/itemadr1-cp186.wordpresstemporal.com\/itema-old\/wp-json\/wp\/v2\/media\/1529"}],"wp:attachment":[{"href":"https:\/\/itemadr1-cp186.wordpresstemporal.com\/itema-old\/wp-json\/wp\/v2\/media?parent=1526"}],"wp:term":[{"taxonomy":"category","embeddable":true,"href":"https:\/\/itemadr1-cp186.wordpresstemporal.com\/itema-old\/wp-json\/wp\/v2\/categories?post=1526"},{"taxonomy":"post_tag","embeddable":true,"href":"https:\/\/itemadr1-cp186.wordpresstemporal.com\/itema-old\/wp-json\/wp\/v2\/tags?post=1526"}],"curies":[{"name":"wp","href":"https:\/\/api.w.org\/{rel}","templated":true}]}}